{"id":203,"date":"2026-07-20T17:16:52","date_gmt":"2026-07-20T15:16:52","guid":{"rendered":"https:\/\/fjosefhenestrosaf.org.bo\/?p=203"},"modified":"2026-07-20T17:16:52","modified_gmt":"2026-07-20T15:16:52","slug":"la-educacion-alternativa-en-bolivia-aulas-olvidadas-frente-a-los-palacios-del-poder","status":"publish","type":"post","link":"https:\/\/fjosefhenestrosaf.org.bo\/?p=203","title":{"rendered":"La educaci\u00f3n alternativa en Bolivia: aulas olvidadas frente a los palacios del poder"},"content":{"rendered":"\n<h1 class=\"wp-block-heading\"><\/h1>\n\n\n\n<p class=\"wp-block-paragraph\">Escrito: Agustina Quispe Macias<\/p>\n\n\n\n<p class=\"wp-block-paragraph\"><\/p>\n\n\n\n<p class=\"wp-block-paragraph\">La educaci\u00f3n es un derecho fundamental reconocido por la Constituci\u00f3n Pol\u00edtica del Estado y constituye uno de los pilares del desarrollo nacional. Sin embargo, en Bolivia existe una profunda contradicci\u00f3n entre el discurso oficial sobre la importancia de la educaci\u00f3n y la realidad que enfrentan diariamente los Centros de Educaci\u00f3n Alternativa (CEA), donde miles de j\u00f3venes y adultos intentan construir un mejor futuro en condiciones de evidente precariedad.<\/p>\n\n\n\n<p class=\"wp-block-paragraph\">Mientras numerosas alcald\u00edas y ministerios exhiben modernas edificaciones, amplios despachos, salas de reuniones equipadas, mobiliario de alta calidad y constantes inversiones en remodelaciones, gran parte de los Centros de Educaci\u00f3n Alternativa funcionan en ambientes deteriorados, con aulas improvisadas, mobiliario insuficiente, filtraciones de agua, instalaciones el\u00e9ctricas obsoletas y una alarmante falta de equipamiento tecnol\u00f3gico.<\/p>\n\n\n\n<p class=\"wp-block-paragraph\">Esta desigualdad no es \u00fanicamente una cuesti\u00f3n de infraestructura; refleja una preocupante jerarquizaci\u00f3n de prioridades. El Estado parece invertir con mayor facilidad en edificios destinados a la administraci\u00f3n p\u00fablica que en los espacios donde se forman ciudadanos, trabajadores, emprendedores y personas que, por diversas circunstancias, no pudieron acceder oportunamente al sistema educativo regular.<\/p>\n\n\n\n<p class=\"wp-block-paragraph\">La educaci\u00f3n alternativa cumple una funci\u00f3n social invaluable. Atiende a j\u00f3venes y adultos que buscan concluir sus estudios, adquirir competencias laborales o mejorar sus oportunidades de empleo. Muchos estudiantes son madres y padres de familia, trabajadores, personas de escasos recursos e incluso adultos mayores que encuentran en los CEA una segunda oportunidad para transformar sus vidas. No obstante, esta poblaci\u00f3n contin\u00faa siendo invisibilizada en la planificaci\u00f3n de la inversi\u00f3n p\u00fablica.<\/p>\n\n\n\n<p class=\"wp-block-paragraph\">Resulta parad\u00f3jico que las autoridades inauguren edificios administrativos con ceremonias y amplia cobertura medi\u00e1tica, mientras cientos de centros educativos carecen de laboratorios, talleres, bibliotecas, acceso adecuado a internet o espacios seguros para el aprendizaje. La dignidad de quienes estudian y trabajan en estos establecimientos parece tener menor importancia que la imagen institucional de las entidades p\u00fablicas.<\/p>\n\n\n\n<p class=\"wp-block-paragraph\">Invertir en infraestructura educativa no constituye un gasto, sino una inversi\u00f3n estrat\u00e9gica. Espacios adecuados favorecen el aprendizaje, fortalecen la permanencia estudiantil, mejoran las condiciones laborales de los docentes y generan un entorno que transmite respeto hacia la educaci\u00f3n como motor de desarrollo.<\/p>\n\n\n\n<p class=\"wp-block-paragraph\">La verdadera transformaci\u00f3n educativa no puede limitarse a reformas curriculares o discursos pol\u00edticos. Requiere decisiones presupuestarias coherentes que prioricen a quienes m\u00e1s necesitan oportunidades. Cada boliviano que regresa a las aulas merece estudiar en ambientes dignos, seguros y equipados para responder a las demandas del siglo XXI.<\/p>\n\n\n\n<p class=\"wp-block-paragraph\">Bolivia necesita replantear sus prioridades. La grandeza de un Estado no deber\u00eda medirse por la imponencia de los edificios donde trabajan sus autoridades, sino por la calidad de las escuelas y centros educativos donde se forman sus ciudadanos. Mientras persista la brecha entre la ostentaci\u00f3n de la infraestructura administrativa y el abandono de los Centros de Educaci\u00f3n Alternativa, el compromiso con una educaci\u00f3n inclusiva seguir\u00e1 siendo una promesa incompleta.<\/p>\n\n\n\n<p class=\"wp-block-paragraph\">Garantizar infraestructura adecuada para la educaci\u00f3n alternativa no es un privilegio ni una concesi\u00f3n pol\u00edtica; es una obligaci\u00f3n del Estado y una condici\u00f3n indispensable para construir una sociedad m\u00e1s justa, equitativa y con verdaderas oportunidades para todos.<\/p>\n\n\n\n<p class=\"wp-block-paragraph\"><\/p>\n","protected":false},"excerpt":{"rendered":"<p>Escrito: Agustina Quispe Macias La educaci\u00f3n es un derecho fundamental reconocido por la Constituci\u00f3n Pol\u00edtica del Estado y constituye uno de los pilares del desarrollo nacional. Sin embargo, en Bolivia existe una profunda contradicci\u00f3n entre el discurso oficial sobre la importancia de la educaci\u00f3n y la realidad que enfrentan diariamente los Centros de Educaci\u00f3n Alternativa [&hellip;]<\/p>\n","protected":false},"author":1,"featured_media":0,"comment_status":"open","ping_status":"open","sticky":false,"template":"","format":"standard","meta":{"footnotes":""},"categories":[1],"tags":[],"class_list":["post-203","post","type-post","status-publish","format-standard","hentry","category-sin-categoria"],"_links":{"self":[{"href":"https:\/\/fjosefhenestrosaf.org.bo\/index.php?rest_route=\/wp\/v2\/posts\/203","targetHints":{"allow":["GET"]}}],"collection":[{"href":"https:\/\/fjosefhenestrosaf.org.bo\/index.php?rest_route=\/wp\/v2\/posts"}],"about":[{"href":"https:\/\/fjosefhenestrosaf.org.bo\/index.php?rest_route=\/wp\/v2\/types\/post"}],"author":[{"embeddable":true,"href":"https:\/\/fjosefhenestrosaf.org.bo\/index.php?rest_route=\/wp\/v2\/users\/1"}],"replies":[{"embeddable":true,"href":"https:\/\/fjosefhenestrosaf.org.bo\/index.php?rest_route=%2Fwp%2Fv2%2Fcomments&post=203"}],"version-history":[{"count":1,"href":"https:\/\/fjosefhenestrosaf.org.bo\/index.php?rest_route=\/wp\/v2\/posts\/203\/revisions"}],"predecessor-version":[{"id":204,"href":"https:\/\/fjosefhenestrosaf.org.bo\/index.php?rest_route=\/wp\/v2\/posts\/203\/revisions\/204"}],"wp:attachment":[{"href":"https:\/\/fjosefhenestrosaf.org.bo\/index.php?rest_route=%2Fwp%2Fv2%2Fmedia&parent=203"}],"wp:term":[{"taxonomy":"category","embeddable":true,"href":"https:\/\/fjosefhenestrosaf.org.bo\/index.php?rest_route=%2Fwp%2Fv2%2Fcategories&post=203"},{"taxonomy":"post_tag","embeddable":true,"href":"https:\/\/fjosefhenestrosaf.org.bo\/index.php?rest_route=%2Fwp%2Fv2%2Ftags&post=203"}],"curies":[{"name":"wp","href":"https:\/\/api.w.org\/{rel}","templated":true}]}}